{"id":1,"name":"HENRIQUE VIEIRA FILHO","url":"https:\/\/henriquevieirafilho.com.br","description":"<b>Henrique Vieira Filho<\/b><span style=\"font-weight: 400\"> \u00e9 artista pl\u00e1stico, agente cultural (<\/span><a href=\"http:\/\/mapas.cultura.gov.br\/agente\/207516\/\"><span style=\"font-weight: 400\">SNIIC: AG-207516<\/span><\/a><span style=\"font-weight: 400\">), produtor cultural no Ponto de Cultura \u201cSociedade Das Artes\u201d (<\/span><a href=\"http:\/\/mapas.cultura.gov.br\/espaco\/21915\/\"><span style=\"font-weight: 400\">SNIIC: SP-21915<\/span><\/a><span style=\"font-weight: 400\">), diretor de arte (MTE 0058368\/SP), produtor audiovisual (ANCINE: 49361), escritor, jornalista (MTE 080467\/SP), educador f\u00edsico (CREF 040237-P\/SP), psicanalista, soci\u00f3logo (MTE 0002467\/SP), professor de artes visuais, p\u00f3s-graduado em psican\u00e1lise e em per\u00edcia t\u00e9cnica sobre artes.<\/span>\r\n\r\n<a href=\"http:\/\/lattes.cnpq.br\/2146716426132854\"><b>http:\/\/lattes.cnpq.br\/2146716426132854<\/b><\/a>\r\n\r\n<a href=\"https:\/\/orcid.org\/0000-0002-6719-2559\"><b>https:\/\/orcid.org\/0000-0002-6719-2559<\/b><\/a>\r\n\r\n<span style=\"font-weight: 400\">Contando com cerca de 60 exposi\u00e7\u00f5es entre individuais e coletivas, em galerias, polos culturais e museus em diversos pa\u00edses, suas obras est\u00e3o dispon\u00edveis tanto em galerias consagradas, como a <\/span><a href=\"https:\/\/www.saatchiart.com\/account\/artworks\/1103467\"><b>Saatchi Art<\/b><\/a><span style=\"font-weight: 400\">, quanto em sua galeria pr\u00f3pria, a <\/span><a href=\"https:\/\/sociedadedasartes.com.br\"><b>Sociedade Das Artes<\/b><\/a><span style=\"font-weight: 400\">, at\u00e9 os mais singelos espa\u00e7os alternativos.<\/span>\r\n\r\n<span style=\"font-weight: 400\">Atualmente radicado no <\/span><b>interior de SP<\/b><span style=\"font-weight: 400\">, dedica-se, em especial, ao <\/span><b>Slow Art Movement<\/b><span style=\"font-weight: 400\">, que prega a aprecia\u00e7\u00e3o afetiva, \u201csem pressa\u201d das artes, para todas as camadas da sociedade e ao<\/span><b> Projeto Re Arte<\/b><span style=\"font-weight: 400\">, em que abre espa\u00e7o a novos talentos art\u00edsticos e \u00e0 integra\u00e7\u00e3o das mais diversas formas de artes, por meio de mixagem e releituras.<\/span>\r\n\r\n<span style=\"font-weight: 400\">Editor, autor, pesquisador e parecerista nos peri\u00f3dicos <\/span><a href=\"https:\/\/artivismo.com.br\/periodico\/index.php\/revista\/index\"><b>Artivismo<\/b><\/a><span style=\"font-weight: 400\"> (ISSN 2763-6062), <\/span><a href=\"https:\/\/revistaterapiaholistica.com.br\/edicoes\/\"><b>Revista TH<\/b><\/a><span style=\"font-weight: 400\"> (ISSN 2763-5570) e<\/span> <a href=\"https:\/\/terapiaholistica.com.br\/congresso\/\"><b>Hol\u00edstica<\/b><\/a><span style=\"font-weight: 400\"> (ISSN 2763-7743), conta com centenas de artigos publicados e vinte livros, al\u00e9m de colabora\u00e7\u00f5es, entrevistas e consultorias para Jornal da Tarde, O Estado de S\u00e3o Paulo, Di\u00e1rio Popular, Jornal O Serrano, Revista Elle, Revista Claudia, Revista M\u00e1xima, Revista Veja, Revista Planeta, Revista Capricho, Revista Contigo, Revista Sa\u00fade, Revista Boa Forma, R\u00e1dio Globo, R\u00e1dio Gazeta, R\u00e1dio Eldorado, R\u00e1dio Nova, TV Globo (Jornal Nacional, Bom Dia Brasil, Fant\u00e1stico, etc.), TV Gazeta (Telejornal, Mulheres, Manh\u00e3 na Paulista), TV Record, SBT (Telejornal, J\u00f4 Soares Onze e Meia, etc.), TV Jovem Pan (Telejornal, Opini\u00e3o Livre, etc.), TV Cultura, TV Bandeirantes, Rede Mulher, TV Rio.<\/span>","link":"https:\/\/rearte.com.br\/museu\/author\/contatohenriquevieirafilho-com-br\/","slug":"contatohenriquevieirafilho-com-br","avatar_urls":{"24":"https:\/\/secure.gravatar.com\/avatar\/00fa4bb74d7b18ea667611300d5f37280b3b4e459559483fcf8d188b188a1e02?s=24&d=mm&r=g","48":"https:\/\/secure.gravatar.com\/avatar\/00fa4bb74d7b18ea667611300d5f37280b3b4e459559483fcf8d188b188a1e02?s=48&d=mm&r=g","96":"https:\/\/secure.gravatar.com\/avatar\/00fa4bb74d7b18ea667611300d5f37280b3b4e459559483fcf8d188b188a1e02?s=96&d=mm&r=g"},"meta":{"tainacan_prefs":"{\"items_per_page\":24,\"collections_per_page\":12,\"taxonomies_per_page\":12,\"activities_per_page\":12,\"processes_per_page\":12,\"order\":\"DESC\",\"order_by\":\"date\",\"admin_view_mode\":\"list\",\"fetch_only\":\"thumbnail,modification_date,creation_date,author_name,title,description\",\"fetch_only_meta\":\"\",\"taxonomies_order\":\"asc\",\"taxonomies_order_by\":\"title\",\"collections_order\":\"desc\",\"collections_order_by\":\"date\",\"collections_author_filter\":\"\",\"map_view_mode_selected_geocoordinate_metadatum\":0,\"items_per_page_6190\":96,\"order_6190\":\"DESC\",\"order_by_6190\":\"meta_value_num\",\"fetch_only_6190\":\"thumbnail\",\"fetch_only_meta_6190\":\"6192\",\"admin_view_mode_6190\":\"table\",\"view_mode_6190\":\"mosaic\",\"items_per_page_6774\":12,\"order_6774\":\"ASC\",\"order_by_6774\":\"date\",\"fetch_only_6774\":\"thumbnail\",\"fetch_only_meta_6774\":\"6777\",\"admin_view_mode_6774\":\"table\",\"items_per_page_7765\":12,\"order_7765\":\"DESC\",\"order_by_7765\":{\"slug\":\"creation_date\",\"name\":\"Data de cria\u00e7\u00e3o\"},\"fetch_only_7765\":\"thumbnail\",\"fetch_only_meta_7765\":\"7771\"}"},"_links":{"self":[{"href":"https:\/\/rearte.com.br\/museu\/wp-json\/wp\/v2\/users\/1","targetHints":{"allow":["GET"]}}],"collection":[{"href":"https:\/\/rearte.com.br\/museu\/wp-json\/wp\/v2\/users"}]}}